{"id":6712,"date":"2024-03-02T12:00:51","date_gmt":"2024-03-02T11:00:51","guid":{"rendered":"https:\/\/site.academie-kinshasa.cd\/?p=6712"},"modified":"2024-03-02T12:00:52","modified_gmt":"2024-03-02T11:00:52","slug":"aba-kin-conversation-avec-colin-delfosse-photographe-documentaire-et-journaliste","status":"publish","type":"post","link":"https:\/\/site.academie-kinshasa.cd\/index.php\/2024\/03\/aba-kin-conversation-avec-colin-delfosse-photographe-documentaire-et-journaliste\/","title":{"rendered":"ABA-KIN : Conversation avec Colin Delfosse, photographe documentaire et journaliste"},"content":{"rendered":"\n<p><\/p>\n\n\n\n<p><strong>Le d\u00e9partement de photographie de l&#8217;Acad\u00e9mie des Beaux-Arts de Kinshasa a organis\u00e9 le vendredi 1 mars dans la salle d&#8217;exposition une conversation avec Colin Delfosse, photographe documentaire et journaliste belge.<\/strong><\/p>\n\n\n\n<p>Dans un \u00e9change immersif, riche et int\u00e9ressant anim\u00e9 par Baudoin Bikoko, artiste photographe et qui a tenu en haleine professionnels et amateurs de la photographie, Colin Delfosse a entre autres \u00e9voqu\u00e9 son parcours, ses \u00e9tudes en journalisme jusqu&#8217;\u00e0 bifurquer dans la photographie, sa passion effr\u00e9n\u00e9e pour la RDC, sa methode, celle de raconter une autre r\u00e9alit\u00e9 oscillant entre des sujets politiques, religieux et historiques, ses collaborations avec les magazines et journaux prestigieux du monde (dont The New York Times, Le Monde, Jeune Afrique, Les Inrocks) et surtout pass\u00e9 en revue ses photographies mythiques de la &#8220;Gecamines&#8221; aux &#8220;Sorciers du ring&#8221; en passant par &#8220;Le p\u00e8lerinage de l&#8217;ECUSE.<\/p>\n\n\n\n<p><em>&#8220;La photographie est un m\u00e9tier difficile surtout au Congo&#8221;<\/em>, a reconnu Colin Delfosse.<\/p>\n\n\n\n<p>Directeur g\u00e9n\u00e9ral de l&#8217;Acad\u00e9mie des Beaux-Arts de Kinshasa, le Professeur Henri Kalama Akulez a soulign\u00e9 l&#8217;importance pour l&#8217;Acad\u00e9mie des Beaux-Arts de Kinshasa de cr\u00e9er, \u00e0 travers ce genre de rencontres, un \u00e9cosyst\u00e8me pour tous ces jeunes \u00e9pris de connaissances.<\/p>\n\n\n\n<p><em>&#8220;Nous n&#8217;avons pas l&#8217;ambition d&#8217;\u00eatre une \u00e9cole qui forme mais qui met les \u00e9tudiantes en pr\u00e9sence des questions. Qu&#8217;ils puissent avoir leurs propres questions<\/em>&#8220;, a-t-il dit.<\/p>\n\n\n\n<p>Notons que Colin Delfosse affronte le monde, ses risques et ses p\u00e9rip\u00e9ties; c&#8217;est ce citoyen du monde qui a la RDC chevill\u00e9e au corps, qui appr\u00e9hende la photo comme un instrument et raconte une autre r\u00e9alit\u00e9, qui d\u00e9couvre le c\u00f4t\u00e9 mythique et mystique des choses. Il travaille dans le magazine M\u00e9dor qui a pour but de proposer un autre type de journalisme en Belgique.<\/p>\n","protected":false},"excerpt":{"rendered":"<p>Le d\u00e9partement de photographie de l&#8217;Acad\u00e9mie des Beaux-Arts de Kinshasa a organis\u00e9 le vendredi 1 mars dans la salle d&#8217;exposition [&hellip;]<\/p>\n","protected":false},"author":1,"featured_media":6713,"comment_status":"open","ping_status":"open","sticky":false,"template":"","format":"standard","meta":[],"categories":[2],"tags":[99,122,112,123],"_links":{"self":[{"href":"https:\/\/site.academie-kinshasa.cd\/index.php\/wp-json\/wp\/v2\/posts\/6712"}],"collection":[{"href":"https:\/\/site.academie-kinshasa.cd\/index.php\/wp-json\/wp\/v2\/posts"}],"about":[{"href":"https:\/\/site.academie-kinshasa.cd\/index.php\/wp-json\/wp\/v2\/types\/post"}],"author":[{"embeddable":true,"href":"https:\/\/site.academie-kinshasa.cd\/index.php\/wp-json\/wp\/v2\/users\/1"}],"replies":[{"embeddable":true,"href":"https:\/\/site.academie-kinshasa.cd\/index.php\/wp-json\/wp\/v2\/comments?post=6712"}],"version-history":[{"count":1,"href":"https:\/\/site.academie-kinshasa.cd\/index.php\/wp-json\/wp\/v2\/posts\/6712\/revisions"}],"predecessor-version":[{"id":6714,"href":"https:\/\/site.academie-kinshasa.cd\/index.php\/wp-json\/wp\/v2\/posts\/6712\/revisions\/6714"}],"wp:featuredmedia":[{"embeddable":true,"href":"https:\/\/site.academie-kinshasa.cd\/index.php\/wp-json\/wp\/v2\/media\/6713"}],"wp:attachment":[{"href":"https:\/\/site.academie-kinshasa.cd\/index.php\/wp-json\/wp\/v2\/media?parent=6712"}],"wp:term":[{"taxonomy":"category","embeddable":true,"href":"https:\/\/site.academie-kinshasa.cd\/index.php\/wp-json\/wp\/v2\/categories?post=6712"},{"taxonomy":"post_tag","embeddable":true,"href":"https:\/\/site.academie-kinshasa.cd\/index.php\/wp-json\/wp\/v2\/tags?post=6712"}],"curies":[{"name":"wp","href":"https:\/\/api.w.org\/{rel}","templated":true}]}}